{"id":4103,"date":"2018-07-25T10:11:57","date_gmt":"2018-07-25T08:11:57","guid":{"rendered":"http:\/\/simc.montserrat.es\/drama-around-2\/"},"modified":"2019-01-29T10:50:18","modified_gmt":"2019-01-29T08:50:18","slug":"drama-around-2","status":"publish","type":"post","link":"http:\/\/simc.montserrat.es\/ca\/drama-around-2\/","title":{"rendered":"Drama Around"},"content":{"rendered":"<p style=\"text-align: justify;\">La pla\u00e7a de Montserrat vibra amb la proposta que fa <em>Val\u00e8ncia Percussion Academy<\/em> el segon dia de la SIMC.<\/p>\n<p>El montserratino V\u00edctor Segura dirigeix aquest Ensemble que difon el repertori de percussi\u00f3 per les comarques valencianes.<\/p>\n<p>Sota l&#8217;ep\u00edgraf gen\u00e8ric <em>Drama Around<\/em>, els components del Ensemble <em>Val\u00e8ncia Percussion Academy<\/em> van saber atrapar l&#8217;atenci\u00f3 del p\u00fablic present en la segona jornada de la Setmana Internacional de M\u00fasica de Cambra de Montserrat, des del primer comp\u00e0s en qu\u00e8, aquest sextet, va interpretar l&#8217;obra de Louis Aguirre.<\/p>\n<p>Davant un auditori expectant, aquesta agrupaci\u00f3 formada per membres del professorat i alumnes del curs permanent que s&#8217;ofereix a aquesta acad\u00e8mia que, encap\u00e7ala el professor V\u00edctor Segura, va mostrar el que s\u00f3n capa\u00e7os d&#8217;interpretar amb un format innovador que mesclava veu, so i llum i que no va deixar indiferent a cap assistent.<\/p>\n<p>Si el programa proposat va tindre un component innovador, tamb\u00e9 va estar d&#8217;aquesta manera la disposici\u00f3 de la pla\u00e7a, on cadascun dels m\u00fasics, ocupava un set amb tots els instruments necessaris per a poder dur a terme l&#8217;itinerari musical previst en el programa de m\u00e0 .<\/p>\n<p>Per primera vegada en anys, el concert oferit per <em>Val\u00e8ncia Percussion Academy<\/em> es van albirar les textures m\u00e9s exquisides i les sonoritats m\u00e9s salvatges i retronadoras amb energia continguda per\u00f2 tamb\u00e9 desbordada. I tot amb obres allunyades en el temps entre si, per\u00f2 totes elles vertebrades pel drama.<\/p>\n<p>Cal subratllar no obstant aix\u00f2, l&#8217;estrena absoluta dels moviments de <em>Tr\u00edptic<\/em>, obra configurada per tres preludis, la composici\u00f3 dels quals, es deu a la mestra del compositor valenci\u00e0 Javier Mart\u00ednez Campos, que van servir de preludi a les obres de Iannis Xenakis.<\/p>\n<p>Les persones assistents a aquesta segona jornada de la Setmana Internacional de M\u00fasica de Cambra de Montserrat, van poder gaudir d&#8217;un concert diferent i inigualable, amb una infinitat d&#8217;instruments de percussi\u00f3 utilitzats de manera magistral pel sextet que anit va presentar aquesta proposta sonora.<\/p>\n<p>Per a hui dimecres s&#8217;espera amb inter\u00e9s l&#8217;actuaci\u00f3 del grup gallec de m\u00fasica de cambra format per cinc m\u00fasics professionals que, sota el nom de <em>Invent<\/em> oferiran un programa ecl\u00edptico que bascular\u00e0 des de les cl\u00e0ssiques composicions per a quintet, i les adaptacions de peces conegudes i reconegudes.<\/p>\n<p>-Gabinet de premsa-<br \/>\nXXXVIII Setmana Internacional de M\u00fasica de Cambra.<br \/>\n&#8211; Montserrat &#8211;<\/p>\n<p><a href=\"http:\/\/simc.montserrat.es\/wp-content\/uploads\/2018\/07\/web.panoramica2.jpg\"><img loading=\"lazy\" decoding=\"async\" class=\"alignnone size-thumbnail wp-image-2163\" title=\"web.panoramica\" src=\"http:\/\/simc.montserrat.es\/wp-content\/uploads\/2018\/07\/web.panoramica2-150x150.jpg\" alt=\"\" width=\"150\" height=\"150\" \/><\/a><\/p>\n","protected":false},"excerpt":{"rendered":"<p>La pla\u00e7a de Montserrat vibra amb la proposta que fa Val\u00e8ncia Percussion Academy el segon dia de la SIMC. El montserratino V\u00edctor Segura dirigeix aquest Ensemble que difon el repertori de percussi\u00f3 per les comarques valencianes. Sota l&#8217;ep\u00edgraf gen\u00e8ric Drama Around, els components del Ensemble Val\u00e8ncia Percussion Academy van saber atrapar l&#8217;atenci\u00f3 del p\u00fablic present [&hellip;]<\/p>\n","protected":false},"author":2,"featured_media":4403,"comment_status":"open","ping_status":"open","sticky":false,"template":"","format":"standard","meta":{"_acf_changed":false,"footnotes":""},"categories":[11],"tags":[],"class_list":["post-4103","post","type-post","status-publish","format-standard","has-post-thumbnail","hentry","category-sense-categoria"],"acf":[],"_links":{"self":[{"href":"http:\/\/simc.montserrat.es\/ca\/wp-json\/wp\/v2\/posts\/4103","targetHints":{"allow":["GET"]}}],"collection":[{"href":"http:\/\/simc.montserrat.es\/ca\/wp-json\/wp\/v2\/posts"}],"about":[{"href":"http:\/\/simc.montserrat.es\/ca\/wp-json\/wp\/v2\/types\/post"}],"author":[{"embeddable":true,"href":"http:\/\/simc.montserrat.es\/ca\/wp-json\/wp\/v2\/users\/2"}],"replies":[{"embeddable":true,"href":"http:\/\/simc.montserrat.es\/ca\/wp-json\/wp\/v2\/comments?post=4103"}],"version-history":[{"count":4,"href":"http:\/\/simc.montserrat.es\/ca\/wp-json\/wp\/v2\/posts\/4103\/revisions"}],"predecessor-version":[{"id":5603,"href":"http:\/\/simc.montserrat.es\/ca\/wp-json\/wp\/v2\/posts\/4103\/revisions\/5603"}],"wp:featuredmedia":[{"embeddable":true,"href":"http:\/\/simc.montserrat.es\/ca\/wp-json\/wp\/v2\/media\/4403"}],"wp:attachment":[{"href":"http:\/\/simc.montserrat.es\/ca\/wp-json\/wp\/v2\/media?parent=4103"}],"wp:term":[{"taxonomy":"category","embeddable":true,"href":"http:\/\/simc.montserrat.es\/ca\/wp-json\/wp\/v2\/categories?post=4103"},{"taxonomy":"post_tag","embeddable":true,"href":"http:\/\/simc.montserrat.es\/ca\/wp-json\/wp\/v2\/tags?post=4103"}],"curies":[{"name":"wp","href":"https:\/\/api.w.org\/{rel}","templated":true}]}}